{"id":961,"date":"2024-05-17T18:57:15","date_gmt":"2024-05-17T16:57:15","guid":{"rendered":"https:\/\/benessereconifiori.net\/?p=961"},"modified":"2024-05-17T18:57:18","modified_gmt":"2024-05-17T16:57:18","slug":"come-agiscono-i-fiori-di-bach","status":"publish","type":"post","link":"https:\/\/benessereconifiori.net\/en\/come-agiscono-i-fiori-di-bach\/","title":{"rendered":"Come agiscono i Fiori di Bach?"},"content":{"rendered":"<h2 class=\"wp-block-heading\" id=\"la-filosofia-di-edward-bach\">La filosofia di Edward Bach<\/h2>\n\n\n\n<div style=\"height:80px\" aria-hidden=\"true\" class=\"wp-block-spacer\"><\/div>\n\n\n\n<figure class=\"wp-block-image size-large\"><img loading=\"lazy\" decoding=\"async\" width=\"1024\" height=\"538\" src=\"https:\/\/benessereconifiori.net\/wp-content\/uploads\/2023\/11\/Dottor-Edward-Bach-1886-1936-Fiori-di-Bach-1024x538.jpeg\" alt=\"Dottor Edward Bach 1886 - 1936 Fiori di Bach - Come agiscono i Fiori di Bach\" class=\"wp-image-674\" title=\"\" srcset=\"https:\/\/benessereconifiori.net\/wp-content\/uploads\/2023\/11\/Dottor-Edward-Bach-1886-1936-Fiori-di-Bach-1024x538.jpeg 1024w, https:\/\/benessereconifiori.net\/wp-content\/uploads\/2023\/11\/Dottor-Edward-Bach-1886-1936-Fiori-di-Bach-980x515.jpeg 980w, https:\/\/benessereconifiori.net\/wp-content\/uploads\/2023\/11\/Dottor-Edward-Bach-1886-1936-Fiori-di-Bach-480x252.jpeg 480w\" sizes=\"(min-width: 0px) and (max-width: 480px) 480px, (min-width: 481px) and (max-width: 980px) 980px, (min-width: 981px) 1024px, 100vw\" \/><figcaption class=\"wp-element-caption\">Dr. Edward Bach: la sua filosofia per capire come agiscono i Fiori di Bach<\/figcaption><\/figure>\n\n\n\n<div style=\"height:80px\" aria-hidden=\"true\" class=\"wp-block-spacer\"><\/div>\n\n\n\n<p>Per comprendere a fondo come agiscono i <strong>Bach Flowers<\/strong> e il percorso che ha portato il <a href=\"https:\/\/benessereconifiori.net\/en\/chi-era-il-dottore-edward-bach-1886-1936\/\" target=\"_blank\" rel=\"noreferrer noopener nofollow\">Dott. Edward Bach<\/a> a scegliere questo tipo di approccio di cura al malato, <strong>\u00e8 importante<\/strong> leggere il suo pensiero per capire come agiscono i Fiori di Bach sull\u2019individuo.<\/p>\n\n\n\n<p>Riporto qui di seguito alcune sue frasi che io reputo significative.<\/p>\n\n\n\n<!--more-->\n\n\n\n<div style=\"height:50px\" aria-hidden=\"true\" class=\"wp-block-spacer\"><\/div>\n\n\n\n<div class=\"wp-block-rank-math-toc-block\" id=\"rank-math-toc\"><h2>Indice dei contenuti<\/h2><nav><ol><li><a href=\"#la-filosofia-di-edward-bach\">La filosofia di Edward Bach<\/a><ol><li><a href=\"#edward-bach-ha-scritto\">Edward Bach ha scritto:<\/a><\/li><li><a href=\"#con-queste-brevi-frasi-possiamo-capire-come-agiscono-i-fiori-di-bach\">Con queste brevi frasi possiamo capire come agiscono i Fiori di Bach<\/a><\/li><\/ol><\/li><\/ol><\/nav><\/div>\n\n\n\n<div style=\"height:50px\" aria-hidden=\"true\" class=\"wp-block-spacer\"><\/div>\n\n\n\n<h3 class=\"wp-block-heading\" id=\"edward-bach-ha-scritto\">Edward Bach ha scritto:<\/h3>\n\n\n\n<div style=\"height:50px\" aria-hidden=\"true\" class=\"wp-block-spacer\"><\/div>\n\n\n\n<blockquote class=\"wp-block-quote is-layout-flow wp-block-quote-is-layout-flow\">\n<p>\u201cRicerchino in se stessi <strong>la vera causa<\/strong> della loro malattia e possano contribuire alla loro guarigione.\u201c <\/p>\n\n\n\n<p>\u201cLa malattia alla sua origine non \u00e8 materiale. <strong>Ci\u00f2 che conosciamo<\/strong> della malattia \u00e8 l\u2019ultimo effetto prodotto nel corpo, la risultante di forze che agiscono per lungo tempo e in profondit\u00e0.\u201d <\/p>\n\n\n\n<p>\u201cAnche se la terapia materiale \u00e8 apparentemente coronata da successo, in realt\u00e0 si tratta di un sollievo passeggero, se <strong>non si \u00e8 eliminata la causa reale<\/strong> della malattia.\u201d <\/p>\n\n\n\n<div style=\"height:50px\" aria-hidden=\"true\" class=\"wp-block-spacer\"><\/div>\n\n\n\n<p>\u201c<strong>La malattia<\/strong>, apparentemente cos\u00ec crudele, \u00e8 in se stessa benefica e per noi proficua perch\u00e9 se noi la interpretiamo correttamente ci mostrer\u00e0 i difetti essenziali. <strong>Curata in modo adatto<\/strong>, permetter\u00e0 inoltre l\u2019eliminazione di questi difetti e ci lascer\u00e0 migliori e pi\u00f9 maturi di prima. <strong>La sofferenza \u00e8 un correttivo<\/strong> che mette in luce la lezione che non avremmo potuto apprendere con altri mezzi e non pu\u00f2 essere eliminata se la lezione non sar\u00e0 compresa. \u201c <\/p>\n\n\n\n<div style=\"height:50px\" aria-hidden=\"true\" class=\"wp-block-spacer\"><\/div>\n\n\n\n<p>\u201cLa malattia pu\u00f2 essere, a volte, <strong>prevenuta ed evitata<\/strong>, perch\u00e9 se noi potessimo prendere coscienza degli errori commessi e correggerli con mezzi spirituali e mentali, non vi sarebbe pi\u00f9 bisogno della lezione della sofferenza. \u201c<\/p>\n\n\n\n<p>\u201c<strong>Non si deve mai disperare<\/strong> per quanto grave sia la malattia, per il fatto stesso che l\u2019individuo fruisca ancora della vita fisica \u00e8 l\u2019indice che l\u2019anima che lo governa non \u00e8 senza speranza. \u201c<\/p>\n\n\n\n<div style=\"height:50px\" aria-hidden=\"true\" class=\"wp-block-spacer\"><\/div>\n\n\n\n<p>\u201c<strong>Le reali malattie primarie<\/strong> <strong>dell\u2019uomo sono<\/strong> <strong>certi difetti<\/strong> quali l\u2019orgoglio, la crudelt\u00e0, l\u2019odio, l\u2019egoismo, l\u2019ignoranza, l\u2019instabilit\u00e0, l\u2019avidit\u00e0 e ciascuno di essi se ben esaminato, si rivela <strong>contrario all\u2019Unit\u00e0<\/strong>. Sono queste le vere malattie e persistendo in tali difetti, quando ci troviamo in uno stadio di sviluppo in cui \u00e8 per noi possibile riconoscerli come male, noi <strong>apriamo la porta alle loro conseguenze nocive sul nostro corpo<\/strong>, noi le chiamiamo malattie. \u201c<\/p>\n\n\n\n<div style=\"height:50px\" aria-hidden=\"true\" class=\"wp-block-spacer\"><\/div>\n\n\n\n<p>\u201cQuando <strong>si scopre il difetto<\/strong> non bisogna mai scordarsi che il rimedio non consiste nel muovergli guerra ma nello <strong>sviluppare regolarmente<\/strong>, la virt\u00f9 opposta, ci\u00f2 <strong>canceller\u00e0<\/strong> automaticamente dalla nostra natura ogni traccia di difetto. Dimenticare il difetto e sforzarsi coscientemente di sviluppare la virt\u00f9 che lo annuller\u00e0, questa \u00e8 la vittoria.\u201c<\/p>\n\n\n\n<p>\u201cDobbiamo <strong>sviluppare la nostra individualit\u00e0<\/strong> e liberarci dall\u2019influenza da parte del mondo ubbidendo solo alle direttive della nostra Anima indipendentemente dalle circostanze e dagli altri.\u201d<\/p>\n\n\n\n<div style=\"height:50px\" aria-hidden=\"true\" class=\"wp-block-spacer\"><\/div>\n\n\n\n<p>\u201cCurando con questi rimedi, non si tiene conto della natura della malattia. <strong>\u00c8 l\u2019individuo che si cura<\/strong> e quando egli migliora, la malattia se ne va, cacciata da un afflusso di vitalit\u00e0.\u201d<\/p>\n\n\n\n<p>\u201c\u00c8 lo stato emotivo del malato <strong>che ci guider\u00e0<\/strong> nella scelta del o dei rimedi necessari.\u201d<\/p>\n\n\n\n<p>\u201cNel trattamento di qualsiasi patologia la <strong>personalit\u00e0 dell\u2019individuo gioca un ruolo pi\u00f9 importante<\/strong> del corpo.\u201d<\/p>\n\n\n\n<p>\u201c<strong>Curate il paziente <\/strong>secondo lo stato d\u2019animo, secondo il carattere, l\u2019individualit\u00e0 e<br>non potete sbagliare. \u201c<\/p>\n\n\n\n<div style=\"height:50px\" aria-hidden=\"true\" class=\"wp-block-spacer\"><\/div>\n\n\n\n<p>\u201cTale sistema terapeutico <strong>ha il potere di guarire la malattia<\/strong> e, per la sua semplicit\u00e0, pu\u00f2 essere usato in ambito domestico. Le persone che trarranno <strong>i maggiori benefici<\/strong> da questo dono di Dio saranno coloro che lo <strong>conserveranno<\/strong> in tutta la sua purezza, svincolato dalla scienza e da ogni teoria, perch\u00e9 tutto nella Natura \u00e8 semplice.\u201d <\/p>\n\n\n\n<p>\u201c<strong>Il primo obiettivo<\/strong> sar\u00e0 quello di assistere il paziente nel processo di conoscenza di se stesso e di indicargli gli errori fondamentali che sta commettendo, le imperfezioni del suo carattere che deve correggere e i difetti che deve sradicare sostituendoli con le qualit\u00e0 opposte.\u201d<\/p>\n\n\n\n<div style=\"height:50px\" aria-hidden=\"true\" class=\"wp-block-spacer\"><\/div>\n\n\n\n<p>\u201c<strong>Il secondo obiettivo<\/strong> del medico sar\u00e0 quello di somministrare rimedi tali da aiutare il corpo fisico ad acquisire forza, e lo spirito a diventare calmo, ad allargare il suo orizzonte. \u201c<\/p>\n<\/blockquote>\n\n\n\n<div style=\"height:50px\" aria-hidden=\"true\" class=\"wp-block-spacer\"><\/div>\n\n\n\n<h3 class=\"wp-block-heading\" id=\"con-queste-brevi-frasi-possiamo-capire-come-agiscono-i-fiori-di-bach\">Con queste brevi frasi possiamo capire come agiscono i Fiori di Bach<\/h3>\n\n\n\n<div style=\"height:50px\" aria-hidden=\"true\" class=\"wp-block-spacer\"><\/div>\n\n\n\n<p>In questa raccolta di frasi troviamo <strong>la sintesi della filosofia del Dott. Edward Bach<\/strong><\/p>\n\n\n\n<p>Dopo averle lette spero vi sia pi\u00f9 semplice comprendere <strong>come agiscono i Fiori di Bach<\/strong>.<\/p>\n\n\n\n<p>Bach parla di <strong>difetti essenziali<\/strong> che hanno a che fare con la nostra natura pi\u00f9 profonda, <strong>difetti che si notano gi\u00e0 da bambini<\/strong>, sono le nostre tendenze caratteriali, sono presenti fin dalla nascita e possono essere armonizzate o peggiorate attraverso l\u2019educazione.<\/p>\n\n\n\n<p>Ogni azione, ogni pensiero <strong>lascia una traccia<\/strong> registrata nella psiche profonda.<\/p>\n\n\n\n<p>Tali tracce nel tempo si sommano creando <strong>abitudini e tendenze<\/strong> che formano il carattere della persona. L\u2019unico modo per armonizzarsi \u00e8 <strong>concentrarsi<\/strong> sulle virt\u00f9 corrispondenti e vivere come se fossero gi\u00e0 realizzate.<\/p>\n\n\n\n<p>In realt\u00e0 <strong>il difetto<\/strong> non \u00e8 che la stessa virt\u00f9 vissuta in modo distorto: l\u2019odio non \u00e8 che l\u2019amore congelato.<\/p>\n\n\n\n<p>Le frasi del Dott. Bach sono state prese dal libro:<br>(Bibliografia: \u201c<a href=\"https:\/\/www.lafeltrinelli.it\/fiori-di-bach-naturopatia-libro-catia-trevisani\/e\/9788895572291?awaid=9507&amp;gad_source=1&amp;gclid=CjwKCAjwrvyxBhAbEiwAEg_KglWIaXJIk1uMCCnXG4OxY7XcMpJ8aWSb3pdfTCXfE_HN6QnToSZguBoC-igQAvD_BwE&amp;awc=9507_1715436938_8a6d942afc152832cc4340958a6b8d36\" target=\"_blank\" rel=\"noreferrer noopener nofollow\">Fiori di Bach e Naturopatia\u201d, Catia Trevisani<\/a>)<\/p>\n\n\n\n<div style=\"height:50px\" aria-hidden=\"true\" class=\"wp-block-spacer\"><\/div>","protected":false},"excerpt":{"rendered":"<p>Per comprendere a fondo il mondo dei Fiori di Bach e il percorso che ha portato il Dott. Edward Bach a scegliere questo tipo di approccio di cura al malato, \u00e8 importante leggere il suo pensiero per capire come agiscono i Fiori di Bach sull\u2019individuo.<\/p>","protected":false},"author":1,"featured_media":674,"comment_status":"open","ping_status":"open","sticky":false,"template":"","format":"standard","meta":{"_et_pb_use_builder":"off","_et_pb_old_content":"","_et_gb_content_width":"","iawp_total_views":5,"footnotes":""},"categories":[11],"tags":[15,12],"class_list":["post-961","post","type-post","status-publish","format-standard","has-post-thumbnail","hentry","category-fiori-di-bach","tag-edward-bach","tag-fiori-di-bach"],"_links":{"self":[{"href":"https:\/\/benessereconifiori.net\/en\/wp-json\/wp\/v2\/posts\/961","targetHints":{"allow":["GET"]}}],"collection":[{"href":"https:\/\/benessereconifiori.net\/en\/wp-json\/wp\/v2\/posts"}],"about":[{"href":"https:\/\/benessereconifiori.net\/en\/wp-json\/wp\/v2\/types\/post"}],"author":[{"embeddable":true,"href":"https:\/\/benessereconifiori.net\/en\/wp-json\/wp\/v2\/users\/1"}],"replies":[{"embeddable":true,"href":"https:\/\/benessereconifiori.net\/en\/wp-json\/wp\/v2\/comments?post=961"}],"version-history":[{"count":8,"href":"https:\/\/benessereconifiori.net\/en\/wp-json\/wp\/v2\/posts\/961\/revisions"}],"predecessor-version":[{"id":980,"href":"https:\/\/benessereconifiori.net\/en\/wp-json\/wp\/v2\/posts\/961\/revisions\/980"}],"wp:featuredmedia":[{"embeddable":true,"href":"https:\/\/benessereconifiori.net\/en\/wp-json\/wp\/v2\/media\/674"}],"wp:attachment":[{"href":"https:\/\/benessereconifiori.net\/en\/wp-json\/wp\/v2\/media?parent=961"}],"wp:term":[{"taxonomy":"category","embeddable":true,"href":"https:\/\/benessereconifiori.net\/en\/wp-json\/wp\/v2\/categories?post=961"},{"taxonomy":"post_tag","embeddable":true,"href":"https:\/\/benessereconifiori.net\/en\/wp-json\/wp\/v2\/tags?post=961"}],"curies":[{"name":"wp","href":"https:\/\/api.w.org\/{rel}","templated":true}]}}